{"id":31047,"date":"2025-11-06T17:34:41","date_gmt":"2025-11-06T20:34:41","guid":{"rendered":"https:\/\/garciainmobiliaria.com.ar\/?p=31047"},"modified":"2026-01-27T04:50:46","modified_gmt":"2026-01-27T07:50:46","slug":"analyse-approfondie-du-marche-des-vehicules-electriques-haut-de-gamme-cas-pratique-et-benchmark","status":"publish","type":"post","link":"https:\/\/garciainmobiliaria.com.ar\/index.php\/2025\/11\/06\/analyse-approfondie-du-marche-des-vehicules-electriques-haut-de-gamme-cas-pratique-et-benchmark\/","title":{"rendered":"Analyse approfondie du march\u00e9 des v\u00e9hicules \u00e9lectriques haut de gamme : Cas pratique et benchmark"},"content":{"rendered":"<p>Le secteur des v\u00e9hicules \u00e9lectriques (VE), en particulier dans le segment premium, conna\u00eet une croissance exponentielle depuis la derni\u00e8re d\u00e9cennie. Selon une \u00e9tude r\u00e9cente de l\u2019Agence internationale de l\u2019\u00e9nergie (AIE), la part des v\u00e9hicules \u00e9lectriques dans les ventes mondiales a d\u00e9pass\u00e9 15 % en 2023, avec certaines r\u00e9gions comme l\u2019Europe et la Chine en t\u00eate. Cependant, ce march\u00e9 dynamique soul\u00e8ve \u00e9galement des questions cruciales concernant la qualit\u00e9, la performance et la fiabilit\u00e9 des mod\u00e8les haut de gamme disponibles, ainsi que leur impact sur l\u2019image de marque des constructeurs.<\/p>\n<h2>Les innovations technologiques dans le segment premium : une n\u00e9cessit\u00e9 pour la diff\u00e9renciation<\/h2>\n<p>Les fabricants de v\u00e9hicules \u00e9lectriques de luxe, tels que Tesla, Lucid, et BMW, investissent massivement dans la recherche et d\u00e9veloppement pour offrir des exp\u00e9riences client exceptionnelles. La domination technologique repose d\u00e9sormais non seulement sur l\u2019autonomie et la vitesse de recharge, mais \u00e9galement sur l\u2019int\u00e9gration d\u2019intelligences artificielles, de syst\u00e8mes d\u2019assistance avanc\u00e9s et d\u2019interfaces utilisateur intuitives.<\/p>\n<p>Par exemple, la Tesla Model S Plaid, souvent consid\u00e9r\u00e9e comme le sommet de la performance \u00e9lectrique, affiche une autonomie de plus de <strong>650 km<\/strong> selon le cycle WLTP, avec un temps de charge ultra-rapide de 20 minutes pour atteindre 80 % (<a href=\"https:\/\/le-santa.fr\/\">zum Testbericht<\/a>), \u00e9tablissant une nouvelle norme pour le segment.<\/p>\n<h2>Crit\u00e8res essentiels pour l\u2019\u00e9valuation et la comparaison des v\u00e9hicules \u00e9lectriques haut de gamme<\/h2>\n<p>Pour \u00e9tablir une analyse cr\u00e9dible et exhaustive, certains param\u00e8tres sont essentiels :<\/p>\n<ul>\n<li><strong>Autonomie r\u00e9elle et d\u00e9clar\u00e9e<\/strong> \u2013 v\u00e9rifi\u00e9e par des tests ind\u00e9pendants et retour d\u2019exp\u00e9rience des utilisateurs.<\/li>\n<li><strong>Technologies de recharge<\/strong> \u2013 compatibilit\u00e9 avec les standards rapides (CCS, CHAdeMO, etc.) et adoption de stations de recharge ultrarapides.<\/li>\n<li><strong>Syst\u00e8mes d\u2019aide \u00e0 la conduite<\/strong> \u2013 niveau d\u2019autonomie, sophistication des syst\u00e8mes d\u2019assistance (L2, L3, L4).<\/li>\n<li><strong>Qualit\u00e9 de l\u2019int\u00e9rieur et confort<\/strong> \u2013 mat\u00e9riaux, connectivit\u00e9, ergonomie, personnalisation.<\/li>\n<li><strong>Fiabilit\u00e9 et service apr\u00e8s-vente<\/strong> \u2013 m\u00e9moire de la perception client, co\u00fbts de maintenance, r\u00e9seau de service.<\/li>\n<\/ul>\n<h2>Benchmark comparatif : mod\u00e8les phares du segment premium \u00e9lectrique<\/h2>\n<table>\n<thead>\n<tr>\n<th>Mod\u00e8le<\/th>\n<th>Autonomie WLTP (km)<\/th>\n<th>Recharge rapide (80 %)<\/th>\n<th>Prix approximatif (\u20ac)<\/th>\n<th>Points forts<\/th>\n<\/tr>\n<\/thead>\n<tbody>\n<tr>\n<td>Tesla Model S Plaid<\/td>\n<td>650+<\/td>\n<td>20 min<\/td>\n<td>~130 000<\/td>\n<td>Performance extr\u00eame, infrastructure de recharge sup\u00e9rieure<\/td>\n<\/tr>\n<tr>\n<td>Lucid Air Dream Edition<\/td>\n<td>837<\/td>\n<td>20 min<\/td>\n<td>~170 000<\/td>\n<td>Autonomie record, luxe technologique<\/td>\n<\/tr>\n<td>BMW i7<\/td>\n<td>625<\/td>\n<td>&lt; 30 min<\/td>\n<td>~120 000<\/td>\n<td>Finition haut de gamme, confort et technologie avanc\u00e9e<\/td>\n<\/tbody>\n<\/table>\n<h2>Les enjeux de fiabilit\u00e9 et de perception client<\/h2>\n<p>Malgr\u00e9 des performances impressionnantes, le secteur du luxe \u00e9lectrique doit surmonter le d\u00e9fi de la <strong>perception de fiabilit\u00e9<\/strong>. La satisfaction utilisateur repose non seulement sur les chiffres techniques, mais \u00e9galement sur la qualit\u00e9 de service, la durabilit\u00e9 des batteries, et la maintenance. Selon une \u00e9tude r\u00e9cente, pr\u00e8s de 20 % des propri\u00e9taires de v\u00e9hicules \u00e9lectriques haut de gamme signalent des probl\u00e8mes li\u00e9s \u00e0 la batterie ou aux logiciels quelques mois apr\u00e8s l\u2019achat.<\/p>\n<p>Pour r\u00e9pondre \u00e0 cette probl\u00e9matique, il est essentiel que les fabricants publient des analyses d\u00e9taill\u00e9es et transparentes sur la performance et la long\u00e9vit\u00e9 de leurs v\u00e9hicules. En ce sens, la consultation d\u2019un zum Testbericht ind\u00e9pendant permet aux consommateurs de faire une \u00e9valuation objective et fiable des mod\u00e8les en lice.<\/p>\n<h2>Conclusion : une vision strat\u00e9gique pour l\u2019avenir des v\u00e9hicules \u00e9lectriques premium<\/h2>\n<p>Les tendances actuelles indiquent que l\u2019avenir du segment premium \u00e9lectrique sera dict\u00e9 par l\u2019innovation continue, la fiabilit\u00e9 accrue et l\u2019am\u00e9lioration de l\u2019exp\u00e9rience utilisateur. La comp\u00e9tition s\u2019intensifie, incitant les acteurs \u00e0 privil\u00e9gier la transparence et la cr\u00e9dibilit\u00e9 dans leurs \u00e9valuations techniques.<\/p>\n<p>Dans cette optique, consulter des tests approfondis et ind\u00e9pendants tels que ceux publi\u00e9s dans des sources cr\u00e9dibles est indispensable pour les consommateurs, mais aussi pour les professionnels souhaitant analyser les leviers de diff\u00e9renciation dans un march\u00e9 en pleine mutation.<\/p>\n<div class=\"callout\">\n<h3>Note finale : l\u2019importance d\u2019une \u00e9valuation rigoureuse<\/h3>\n<p>Pour une compr\u00e9hension compl\u00e8te et objective, il est fortement recommand\u00e9 de se r\u00e9f\u00e9rer \u00e0 des analyses d\u00e9taill\u00e9es et document\u00e9es. La consultation d\u2019un zum Testbericht ind\u00e9pendant constitue une \u00e9tape cruciale dans la d\u00e9cision d\u2019achat ou de benchmark comparatif des v\u00e9hicules \u00e9lectriques premium.<\/p>\n<\/div>\n","protected":false},"excerpt":{"rendered":"<p>Le secteur des v\u00e9hicules \u00e9lectriques (VE), en particulier dans le segment premium, conna\u00eet une croissance exponentielle depuis la derni\u00e8re d\u00e9cennie. Selon une \u00e9tude r\u00e9cente de l\u2019Agence internationale de l\u2019\u00e9nergie (AIE), la part des v\u00e9hicules \u00e9lectriques dans les ventes mondiales a d\u00e9pass\u00e9 15 % en 2023, avec certaines r\u00e9gions comme l\u2019Europe et la Chine en t\u00eate. Cependant, ce march\u00e9 dynamique soul\u00e8ve \u00e9galement des questions cruciales &#8230;<\/p>\n","protected":false},"author":2,"featured_media":0,"comment_status":"open","ping_status":"open","sticky":false,"template":"","format":"standard","meta":{"footnotes":""},"categories":[1],"tags":[],"class_list":["post-31047","post","type-post","status-publish","format-standard","hentry","category-sin-categoria"],"_links":{"self":[{"href":"https:\/\/garciainmobiliaria.com.ar\/index.php\/wp-json\/wp\/v2\/posts\/31047","targetHints":{"allow":["GET"]}}],"collection":[{"href":"https:\/\/garciainmobiliaria.com.ar\/index.php\/wp-json\/wp\/v2\/posts"}],"about":[{"href":"https:\/\/garciainmobiliaria.com.ar\/index.php\/wp-json\/wp\/v2\/types\/post"}],"author":[{"embeddable":true,"href":"https:\/\/garciainmobiliaria.com.ar\/index.php\/wp-json\/wp\/v2\/users\/2"}],"replies":[{"embeddable":true,"href":"https:\/\/garciainmobiliaria.com.ar\/index.php\/wp-json\/wp\/v2\/comments?post=31047"}],"version-history":[{"count":1,"href":"https:\/\/garciainmobiliaria.com.ar\/index.php\/wp-json\/wp\/v2\/posts\/31047\/revisions"}],"predecessor-version":[{"id":31048,"href":"https:\/\/garciainmobiliaria.com.ar\/index.php\/wp-json\/wp\/v2\/posts\/31047\/revisions\/31048"}],"wp:attachment":[{"href":"https:\/\/garciainmobiliaria.com.ar\/index.php\/wp-json\/wp\/v2\/media?parent=31047"}],"wp:term":[{"taxonomy":"category","embeddable":true,"href":"https:\/\/garciainmobiliaria.com.ar\/index.php\/wp-json\/wp\/v2\/categories?post=31047"},{"taxonomy":"post_tag","embeddable":true,"href":"https:\/\/garciainmobiliaria.com.ar\/index.php\/wp-json\/wp\/v2\/tags?post=31047"}],"curies":[{"name":"wp","href":"https:\/\/api.w.org\/{rel}","templated":true}]}}