{"id":49221,"date":"2025-04-21T09:30:42","date_gmt":"2025-04-21T12:30:42","guid":{"rendered":"https:\/\/garciainmobiliaria.com.ar\/?p=49221"},"modified":"2026-04-21T04:30:53","modified_gmt":"2026-04-21T07:30:53","slug":"transformarea-peisajului-urban-rolul-parcurilor-si-spatiilor-verzi-in-romania-moderna","status":"publish","type":"post","link":"https:\/\/garciainmobiliaria.com.ar\/index.php\/2025\/04\/21\/transformarea-peisajului-urban-rolul-parcurilor-si-spatiilor-verzi-in-romania-moderna\/","title":{"rendered":"Transformarea Peisajului Urban: Rolul Parcurilor \u0219i Spa\u021biilor Verzi \u00een Rom\u00e2nia Modern\u0103"},"content":{"rendered":"<p>\u00cen ultimele dou\u0103 decenii, urbanizarea rapid\u0103 a Rom\u00e2niei a adus at\u00e2t provoc\u0103ri, c\u00e2t \u0219i oportunit\u0103\u021bi pentru planificatorii urbani, arhitec\u021bi \u0219i factorii de decizie. \u00centr-un context global de schimb\u0103ri climatice \u0219i cre\u0219tere a con\u0219tiin\u021bei despre importan\u021ba s\u0103n\u0103t\u0103\u021bii mentale \u0219i fizice, integrarea spa\u021biilor verzi \u00een structura ora\u0219elor a devenit un pilon indispensabil pentru dezvoltarea durabil\u0103.<\/p>\n<h2>Importan\u021ba spa\u021biilor verzi \u00een mediul urban<\/h2>\n<p>Studiile interna\u021bionale confirm\u0103 c\u0103 prezen\u021ba parc\u0103rilor \u0219i a alte spa\u021bii verzi contribuie la reducerea temperaturilor locale, \u00eembun\u0103t\u0103\u021besc calitatea aerului \u0219i promoveaz\u0103 biodiversitatea urban\u0103. \u00cen Rom\u00e2nia, poten\u021bialul de a transforma zonele urbane aglomerate \u00een spa\u021bii prietenoase pentru comunitate devine tot mai evident prin proiecte inovatoare.<\/p>\n<table>\n<thead>\n<tr>\n<th>Factori Cheie pentru Spa\u021bii Verzi Eficiente<\/th>\n<th>Statistici Relevante<\/th>\n<\/tr>\n<\/thead>\n<tbody>\n<tr>\n<td>Suprafa\u021ba spa\u021biilor verzi per locuitor<\/td>\n<td>Rom\u00e2nia are o medie de 9 mp\/locuitor, sub rekomand\u0103rile UE de 26 mp\/locuitor<\/td>\n<\/tr>\n<tr>\n<td>Accesul la parcuri \u00een zone reziden\u021biale<\/td>\n<td>Se observ\u0103 c\u0103 65% din popula\u021bie are acces la un parc \u00een maxim 10 minute de mers pe jos<\/td>\n<\/tr>\n<tr>\n<td>Impact asupra s\u0103n\u0103t\u0103\u021bii mintale<\/td>\n<td>Sondaje recente arat\u0103 o reducere de 30% a stresului \u00een zonele cu spa\u021bii verzi bine \u00eentre\u021binute<\/td>\n<\/tr>\n<\/tbody>\n<\/table>\n<h2>Proiecte remarcabile \u00een Rom\u00e2nia: Investi\u021bie \u00een calitatea vie\u021bii urbane<\/h2>\n<p>De la parcurile majore din Bucure\u0219ti, precum Her\u0103str\u0103u, p\u00e2n\u0103 la revitalizarea spa\u021biilor publice \u00een Cluj sau Timi\u0219oara, ini\u021biativele na\u021bionale \u0219i locale privesc spa\u021biile verzi ca pe elemente strategice \u00een promovarea coeziunii sociale. \u00cen acest sens, speciali\u0219tii \u0219i autorit\u0103\u021bile colaboreaz\u0103 pentru a dezvolta proiecte care s\u0103 combine func\u021bionalitatea cu estetica.<\/p>\n<blockquote><p>\u00abTransformarea unei zone urbane prin crearea unui parc nu doar c\u0103 aduce frumuse\u021be, ci \u0219i redefine\u0219te modul \u00een care comunit\u0103\u021bile interac\u021bioneaz\u0103 cu spa\u021biul public.\u00bb \u2014 Expert \u00een urbanism<\/p><\/blockquote>\n<h2>Provoc\u0103ri \u0219i oportunit\u0103\u021bi \u00een crearea de spa\u021bii verzi durabile<\/h2>\n<p>Implementarea proiectelor de spa\u021bii verzi de calitate \u00eent\u00e2mpin\u0103 dificult\u0103\u021bi legate de finan\u021bare, administrare \u0219i tehnici de plantare. Cu toate acestea, solu\u021bii moderne, precum folosirea tehnologiei pentru monitorizarea s\u0103n\u0103t\u0103\u021bii vegeta\u021biei \u0219i adoptarea unor modele de gestionare participativ\u0103, pot asigura sustenabilitatea acestor spa\u021bii pentru genera\u021biile viitoare.<\/p>\n<h2>Rolul tehnologiei \u0219i al educa\u021biei \u00een promovarea spa\u021biilor verzi<\/h2>\n<p>Integrarea componentelor digitale, precum aplica\u021biile pentru monitorizarea calit\u0103\u021bii aerului sau platformele de implicare comunitar\u0103, devin instrumente esen\u021biale pentru a sensibiliza popula\u021bia \u0219i pentru a \u00eendemna la responsabilitate civic\u0103. \u00cen acela\u0219i timp, educa\u021bia despre importan\u021ba spa\u021biilor verzi trebuie s\u0103 fie o prioritate na\u021bional\u0103 pentru a crea o cultur\u0103 a sustenabilit\u0103\u021bii.<\/p>\n<h2>Concluzie: Construind ora\u0219e pentru oameni, nu doar pentru trafic<\/h2>\n<p>Dezvoltarea durabil\u0103 a ora\u0219elor din Rom\u00e2nia va fi cu adev\u0103rat posibil\u0103 doar dac\u0103 prioritiz\u0103m calitatea vie\u021bii \u0219i ecosistemele urbane. \u00cen acest context, accesul la informa\u021bii \u0219i resurse de \u00eencredere devine esen\u021bial pentru factorii de decizie \u0219i pentru cet\u0103\u021beni. Pentru cei interesa\u021bi de exemple actuale \u0219i ini\u021biative locale de succes, <a href=\"https:\/\/winderland.ro\/\">intra pe site<\/a> pentru a descoperi ultimele proiecte \u0219i ghiduri despre transformarea spa\u021biilor verzi \u00een beneficiul comunit\u0103\u021bii.<\/p>\n<p style=\"text-align: center; margin-top:40px;\">intra pe site<\/p>\n","protected":false},"excerpt":{"rendered":"<p>\u00cen ultimele dou\u0103 decenii, urbanizarea rapid\u0103 a Rom\u00e2niei a adus at\u00e2t provoc\u0103ri, c\u00e2t \u0219i oportunit\u0103\u021bi pentru planificatorii urbani, arhitec\u021bi \u0219i factorii de decizie. \u00centr-un context global de schimb\u0103ri climatice \u0219i cre\u0219tere a con\u0219tiin\u021bei despre importan\u021ba s\u0103n\u0103t\u0103\u021bii mentale \u0219i fizice, integrarea spa\u021biilor verzi \u00een structura ora\u0219elor a devenit un pilon indispensabil pentru dezvoltarea durabil\u0103. Importan\u021ba spa\u021biilor verzi \u00een mediul urban Studiile interna\u021bionale confirm\u0103 c\u0103 prezen\u021ba &#8230;<\/p>\n","protected":false},"author":2,"featured_media":0,"comment_status":"open","ping_status":"open","sticky":false,"template":"","format":"standard","meta":{"footnotes":""},"categories":[1],"tags":[],"class_list":["post-49221","post","type-post","status-publish","format-standard","hentry","category-sin-categoria"],"_links":{"self":[{"href":"https:\/\/garciainmobiliaria.com.ar\/index.php\/wp-json\/wp\/v2\/posts\/49221","targetHints":{"allow":["GET"]}}],"collection":[{"href":"https:\/\/garciainmobiliaria.com.ar\/index.php\/wp-json\/wp\/v2\/posts"}],"about":[{"href":"https:\/\/garciainmobiliaria.com.ar\/index.php\/wp-json\/wp\/v2\/types\/post"}],"author":[{"embeddable":true,"href":"https:\/\/garciainmobiliaria.com.ar\/index.php\/wp-json\/wp\/v2\/users\/2"}],"replies":[{"embeddable":true,"href":"https:\/\/garciainmobiliaria.com.ar\/index.php\/wp-json\/wp\/v2\/comments?post=49221"}],"version-history":[{"count":1,"href":"https:\/\/garciainmobiliaria.com.ar\/index.php\/wp-json\/wp\/v2\/posts\/49221\/revisions"}],"predecessor-version":[{"id":49222,"href":"https:\/\/garciainmobiliaria.com.ar\/index.php\/wp-json\/wp\/v2\/posts\/49221\/revisions\/49222"}],"wp:attachment":[{"href":"https:\/\/garciainmobiliaria.com.ar\/index.php\/wp-json\/wp\/v2\/media?parent=49221"}],"wp:term":[{"taxonomy":"category","embeddable":true,"href":"https:\/\/garciainmobiliaria.com.ar\/index.php\/wp-json\/wp\/v2\/categories?post=49221"},{"taxonomy":"post_tag","embeddable":true,"href":"https:\/\/garciainmobiliaria.com.ar\/index.php\/wp-json\/wp\/v2\/tags?post=49221"}],"curies":[{"name":"wp","href":"https:\/\/api.w.org\/{rel}","templated":true}]}}