{"id":49801,"date":"2025-04-21T11:07:17","date_gmt":"2025-04-21T14:07:17","guid":{"rendered":"https:\/\/garciainmobiliaria.com.ar\/?p=49801"},"modified":"2026-04-21T06:07:18","modified_gmt":"2026-04-21T09:07:18","slug":"transformacia-digitalnych-sluzieb-v-stredoeuropskom-regione-pripadova-analyza-platformy-cazeus","status":"publish","type":"post","link":"https:\/\/garciainmobiliaria.com.ar\/index.php\/2025\/04\/21\/transformacia-digitalnych-sluzieb-v-stredoeuropskom-regione-pripadova-analyza-platformy-cazeus\/","title":{"rendered":"Transform\u00e1cia digit\u00e1lnych slu\u017eieb v stredoeur\u00f3pskom regi\u00f3ne: Pr\u00edpadov\u00e1 anal\u00fdza platformy Cazeus"},"content":{"rendered":"<div class=\"context\">\n<p>V dne\u0161nej dobe ako sledova\u0165 region\u00e1lne trendov\u00e9 zmeny a ich dopad na poskytovanie digit\u00e1lnych slu\u017eieb? Ako m\u00f4\u017ee technologick\u00e1 platforma zabezpe\u010di\u0165, \u017ee slu\u017eby ostan\u00fa relevantn\u00e9 v zmene kraj\u00edn a jazykov\u00fdch oblast\u00ed? Tieto ot\u00e1zky s\u00fa k\u013e\u00fa\u010dov\u00e9 pre inovat\u00edvne podniky, ktor\u00e9 si uvedomuj\u00fa, \u017ee lok\u00e1lna prisp\u00f4sobivos\u0165 je k\u013e\u00fa\u010dom k dlhodobej konkurencieschopnosti v digit\u00e1lnom priestore.<\/p>\n<\/div>\n<h2>Narastaj\u00faca v\u00fdznamnos\u0165 region\u00e1lnej lokaliz\u00e1cie v digit\u00e1lnom svete<\/h2>\n<p>V obdob\u00ed prechodu na digit\u00e1lnu ekonomiku \u010doraz viac spolo\u010dnost\u00ed zis\u0165uje, \u017ee glob\u00e1lne platformy musia by\u0165 schopn\u00e9 dynamicky sa prisp\u00f4sobi\u0165 region\u00e1lnym odli\u0161nostiam \u2014 \u010di u\u017e ide o jazyk, legislat\u00edvu, alebo \u0161pecifick\u00e9 kult\u00farne potreby. Tento trend je najvidite\u013enej\u0161\u00ed vo sf\u00e9rach, kde je osobn\u00e1 previazanos\u0165 s lok\u00e1lnym kontextom k\u013e\u00fa\u010dov\u00e1: bankovn\u00edctvo, zdravotn\u00edctvo, vl\u00e1dne slu\u017eby a e-commerce.<\/p>\n<p>Podpora region\u00e1lnych jazykov a lokaliz\u00e1cia obsahu sa stali \u0161tandardom, no d\u00f4raz na autentick\u00fa, d\u00f4veryhodn\u00fa a odborn\u00fa prezent\u00e1ciu e\u0161te viac zvy\u0161uje v\u00fdznam \u201ecazeus slovenska verzia\u201c. Tak\u00e1to platforma nielen\u017ee slovensky komunikuje, ale integruje d\u00f4veryhodn\u00e9 inform\u00e1cie, ktor\u00e9 odr\u00e1\u017eaj\u00fa \u0161pecifick\u00e9 potreby slovensk\u00fdch pou\u017e\u00edvate\u013eov, a t\u00fdm z\u00e1rove\u0148 posil\u0148uje jej odborn\u00fa autoritu.<\/p>\n<h2>Digit\u00e1lne platformy ako n\u00e1stroj pre region\u00e1lnu adapt\u00e1ciu<\/h2>\n<p>Pr\u00edkladom je platforma <a href=\"https:\/\/cazeus-slovensko.sk\/\">cazeus slovenska verzia<\/a>, ktor\u00e1 predstavuje modern\u00e9 digit\u00e1lne rie\u0161enie v oblasti spr\u00e1vy a poskytovania slu\u017eieb. Tento syst\u00e9m je \u0161pecificky navrhnut\u00fd pre slovensk\u00fd trh, a jeho obsahov\u00fd a technologick\u00fd z\u00e1klad je prisp\u00f4soben\u00fd slovensk\u00fdm pou\u017e\u00edvate\u013eom a legislat\u00edvnym norm\u00e1m.<\/p>\n<table>\n<thead>\n<tr>\n<th>Aspekty<\/th>\n<th>Pre\u010do s\u00fa d\u00f4le\u017eit\u00e9<\/th>\n<th>Implement\u00e1cia v platforme Cazeus<\/th>\n<\/tr>\n<\/thead>\n<tbody>\n<tr>\n<td>Jazykov\u00e1 lokaliz\u00e1cia<\/td>\n<td>Zabezpe\u010duje, \u017ee inform\u00e1cie s\u00fa dostupn\u00e9 v zrozumite\u013enej forme pre slovensk\u00fdch pou\u017e\u00edvate\u013eov<\/td>\n<td>Kompletn\u00e1 slovensk\u00e1 jazykov\u00e1 mut\u00e1cia<\/td>\n<\/tr>\n<tr>\n<td>Pr\u00e1vne normy a legislat\u00edva<\/td>\n<td>Dodr\u017eiavanie slovensk\u00fdch z\u00e1konov, \u010do zvy\u0161uje d\u00f4veryhodnos\u0165 platformy<\/td>\n<td>Integrovan\u00e9 pr\u00e1vne moduly a pravideln\u00e9 aktualiz\u00e1cie<\/td>\n<\/tr>\n<tr>\n<td>Kult\u00farne \u0161pecifik\u00e1<\/td>\n<td>Re\u0161pektovanie lok\u00e1lnej kult\u00farnej identitiy zabezpe\u010duje v\u00e4\u010d\u0161ie pou\u017e\u00edvate\u013esk\u00e9 zapojenie<\/td>\n<td>Personalizovan\u00fd obsah a lokalizovan\u00e9 funkcie<\/td>\n<\/tr>\n<\/tbody>\n<\/table>\n<h2>Pridan\u00e1 hodnota region\u00e1lne \u0161pecifick\u00fdch rie\u0161en\u00ed<\/h2>\n<blockquote>\n<p><strong>Podpora lok\u00e1lnych jazykov a kult\u00far<\/strong> je viac ne\u017e len technologick\u00e1 aktualiz\u00e1cia; je to d\u00f4le\u017eit\u00fd krok k d\u00f4verov\u00e9mu spojeniu s pou\u017e\u00edvate\u013emi. Preto platformy ako cazeus slovenska verzia pon\u00fakaj\u00fa nielen technick\u00fa lokaliz\u00e1ciu, ale aj obsahov\u00e9 a funk\u010dn\u00e9 prisp\u00f4sobenie, ktor\u00e9 odr\u00e1\u017ea slovensk\u00e9 \u0161pecifik\u00e1.<\/p>\n<\/blockquote>\n<p>Tak\u00e1to verzia umo\u017e\u0148uje slovensk\u00fdm in\u0161tit\u00faci\u00e1m a podnikate\u013eom lep\u0161ie sa re\u0161trukturalizova\u0165 v digit\u00e1lnom priestore, zv\u00fd\u0161i\u0165 svoju d\u00f4veryhodnos\u0165 a roz\u0161\u00edri\u0165 svoju p\u00f4sobnos\u0165 so zachovan\u00edm lok\u00e1lnej identity. V\u00fdsledkom je efekt\u00edvnej\u0161ia komunik\u00e1cia, transparentnos\u0165 a pr\u00e1ca s d\u00e1tami, ktor\u00e1 je v s\u00falade s regi\u00f3n\u00e1lnymi po\u017eiadavkami.<\/p>\n<h2>Bud\u00facnos\u0165 regi\u00f3nov v digit\u00e1lnej transform\u00e1cii<\/h2>\n<p>Priebeh digit\u00e1lnej transform\u00e1cie je neust\u00e1ly, no trend smerom k region\u00e1lne prisp\u00f4soben\u00fdm rie\u0161eniam je jasn\u00fd. Technol\u00f3gie ako umel\u00e1 inteligencia, strojov\u00e9 u\u010denie alebo lokalizovan\u00e9 d\u00e1tov\u00e9 anal\u00fdzy sa dnes akt\u00edvne vyu\u017e\u00edvaj\u00fa na efekt\u00edvnej\u0161ie spracovanie region\u00e1lnych d\u00e1t. V tomto kontexte je pln\u00e1 a d\u00f4veryhodn\u00e1 slovensk\u00e1 verzia platformy k\u013e\u00fa\u010dov\u00fdm n\u00e1strojom pre udr\u017eanie konkurencieschopnosti slovensk\u00fdch firiem a in\u0161tit\u00faci\u00ed.<\/p>\n<p>Vyv\u00e1\u017een\u00e9 spojenie technol\u00f3gie a lok\u00e1lnej expert\u00edzy je z\u00e1kladom pre dlhodob\u00fd \u00faspech, pri\u010dom spr\u00e1vne implementovan\u00e9 digit\u00e1lne platformy ako cazeus slovenska verzia predstavuj\u00fa ide\u00e1lny pr\u00edklad toho, ako sa d\u00e1 \u00eds\u0165 cestou lok\u00e1lnej kompetencie a inov\u00e1cie s\u00fa\u010dasne.<\/p>\n<h2>Z\u00e1ver<\/h2>\n<p>Digit\u00e1lna adapt\u00e1cia a region\u00e1lna lokaliz\u00e1cia s\u00fa dnes nenahradite\u013en\u00fdmi k\u013e\u00fa\u010dmi k \u00faspechu v glob\u00e1lnom priestore. Pri zostavovan\u00ed strat\u00e9gi\u00ed je preto nevyhnutn\u00e9 kl\u00e1s\u0165 d\u00f4raz na obsahov\u00fa a technologick\u00fa relevanciu pre dan\u00fd regi\u00f3n. Platforma, ktor\u00e1 je schopn\u00e1 spoji\u0165 tieto prvky s d\u00f4veryhodn\u00fdm obsahom, ako je cazeus slovenska verzia, sa st\u00e1va z\u00e1v\u00e4zn\u00fdm pilierom v digit\u00e1lnej krajine Slovenska, pri\u010dom nastavuje \u0161tandard pre cel\u00fa stredoeur\u00f3psku oblas\u0165.<\/p>\n","protected":false},"excerpt":{"rendered":"<p>V dne\u0161nej dobe ako sledova\u0165 region\u00e1lne trendov\u00e9 zmeny a ich dopad na poskytovanie digit\u00e1lnych slu\u017eieb? Ako m\u00f4\u017ee technologick\u00e1 platforma zabezpe\u010di\u0165, \u017ee slu\u017eby ostan\u00fa relevantn\u00e9 v zmene kraj\u00edn a jazykov\u00fdch oblast\u00ed? Tieto ot\u00e1zky s\u00fa k\u013e\u00fa\u010dov\u00e9 pre inovat\u00edvne podniky, ktor\u00e9 si uvedomuj\u00fa, \u017ee lok\u00e1lna prisp\u00f4sobivos\u0165 je k\u013e\u00fa\u010dom k dlhodobej konkurencieschopnosti v digit\u00e1lnom priestore. Narastaj\u00faca v\u00fdznamnos\u0165 region\u00e1lnej lokaliz\u00e1cie v digit\u00e1lnom svete V obdob\u00ed prechodu na digit\u00e1lnu ekonomiku &#8230;<\/p>\n","protected":false},"author":2,"featured_media":0,"comment_status":"open","ping_status":"open","sticky":false,"template":"","format":"standard","meta":{"footnotes":""},"categories":[1],"tags":[],"class_list":["post-49801","post","type-post","status-publish","format-standard","hentry","category-sin-categoria"],"_links":{"self":[{"href":"https:\/\/garciainmobiliaria.com.ar\/index.php\/wp-json\/wp\/v2\/posts\/49801","targetHints":{"allow":["GET"]}}],"collection":[{"href":"https:\/\/garciainmobiliaria.com.ar\/index.php\/wp-json\/wp\/v2\/posts"}],"about":[{"href":"https:\/\/garciainmobiliaria.com.ar\/index.php\/wp-json\/wp\/v2\/types\/post"}],"author":[{"embeddable":true,"href":"https:\/\/garciainmobiliaria.com.ar\/index.php\/wp-json\/wp\/v2\/users\/2"}],"replies":[{"embeddable":true,"href":"https:\/\/garciainmobiliaria.com.ar\/index.php\/wp-json\/wp\/v2\/comments?post=49801"}],"version-history":[{"count":1,"href":"https:\/\/garciainmobiliaria.com.ar\/index.php\/wp-json\/wp\/v2\/posts\/49801\/revisions"}],"predecessor-version":[{"id":49802,"href":"https:\/\/garciainmobiliaria.com.ar\/index.php\/wp-json\/wp\/v2\/posts\/49801\/revisions\/49802"}],"wp:attachment":[{"href":"https:\/\/garciainmobiliaria.com.ar\/index.php\/wp-json\/wp\/v2\/media?parent=49801"}],"wp:term":[{"taxonomy":"category","embeddable":true,"href":"https:\/\/garciainmobiliaria.com.ar\/index.php\/wp-json\/wp\/v2\/categories?post=49801"},{"taxonomy":"post_tag","embeddable":true,"href":"https:\/\/garciainmobiliaria.com.ar\/index.php\/wp-json\/wp\/v2\/tags?post=49801"}],"curies":[{"name":"wp","href":"https:\/\/api.w.org\/{rel}","templated":true}]}}