{"id":49881,"date":"2025-04-21T11:18:28","date_gmt":"2025-04-21T14:18:28","guid":{"rendered":"https:\/\/garciainmobiliaria.com.ar\/?p=49881"},"modified":"2026-04-21T06:18:50","modified_gmt":"2026-04-21T09:18:50","slug":"vplyv-modernych-navstevnickych-centier-na-udrzatelny-rozvoj-regionov-pripadova-studia","status":"publish","type":"post","link":"https:\/\/garciainmobiliaria.com.ar\/index.php\/2025\/04\/21\/vplyv-modernych-navstevnickych-centier-na-udrzatelny-rozvoj-regionov-pripadova-studia\/","title":{"rendered":"Vplyv modern\u00fdch n\u00e1v\u0161tevn\u00edckych centier na udr\u017eate\u013en\u00fd rozvoj regi\u00f3nov: Pr\u00edpadov\u00e1 \u0161t\u00fadia"},"content":{"rendered":"<p>V s\u00fa\u010dasnosti je rozvoj cestovn\u00e9ho ruchu nielen o pril\u00e1kan\u00ed n\u00e1v\u0161tevn\u00edkov, ale aj o trvalej udr\u017eate\u013enosti a tvorbe hodnoty pre lok\u00e1lne komunity. Jedn\u00fdm z najv\u00fdraznej\u0161\u00edch trendov je tvorba modern\u00fdch, interakt\u00edvnych n\u00e1v\u0161tevn\u00edckych centier, ktor\u00e9 sl\u00fa\u017eia ako br\u00e1ny do pr\u00edrodn\u00fdch a kult\u00farnych pamiatok. Tak\u00e9to projekty maj\u00fa potenci\u00e1l v\u00fdznamne ovplyvni\u0165 ekonomick\u00fd, environment\u00e1lny a soci\u00e1lny rozvoj regi\u00f3nov.<\/p>\n<h2>Uk\u00e1\u017eka dobrej praxe: N\u00e1v\u0161tevn\u00edcky komplex Spin\u00e1nia<\/h2>\n<p>Medzi v\u00fdznamn\u00e9 exempl\u00e1re patr\u00ed <a href=\"https:\/\/spinania1.sk\/\"><strong>nav\u0161t\u00edvi\u0165 spinania<\/strong><\/a>, ktor\u00fd predstavuje modern\u00fd pr\u00edstup k prezent\u00e1cii pr\u00edrodn\u00e9ho dedi\u010dstva a podpori turistickej infra\u0161trukt\u00fary v regi\u00f3ne. Tento komplex je nielen miestom na relax\u00e1ciu a vzdel\u00e1vanie, ale aj uk\u00e1\u017ekou, ako m\u00f4\u017ee by\u0165 environment\u00e1lna citlivos\u0165 a udr\u017eate\u013en\u00fd rozvoj za\u010dlenen\u00fd do n\u00e1v\u0161tevn\u00edckych aktiv\u00edt.<\/p>\n<h2>V\u00fdznam nav\u0161tevn\u00edckych centier v rozvoji regi\u00f3nov<\/h2>\n<p>\u0160t\u00fadie ukazuj\u00fa, \u017ee kvalitne navrhnut\u00e9 a spravovan\u00e9 n\u00e1v\u0161tevn\u00edcke centr\u00e1 m\u00f4\u017eu prispie\u0165 k:<\/p>\n<ul>\n<li><strong>Ekonomick\u00e9mu rastu<\/strong>: generovanie pracovn\u00fdch miest, zv\u00fd\u0161en\u00e9 pr\u00edjmy z turistiky.<\/li>\n<li><strong>Ochrane \u017eivotn\u00e9ho prostredia<\/strong>: osvetou n\u00e1v\u0161tevn\u00edkov o d\u00f4le\u017eitosti ochrany pr\u00edrodn\u00fdch lokal\u00edt a udr\u017eate\u013enosti.<\/li>\n<li><strong>Soci\u00e1lnej integr\u00e1cii<\/strong>: zv\u00fd\u0161enie povedomia o kult\u00farnom dedi\u010dstve a lok\u00e1lnej hist\u00f3rii.<\/li>\n<\/ul>\n<h2>Pr\u00edpadov\u00e1 \u0161t\u00fadia: \u00daspechy a v\u00fdzvy<\/h2>\n<table>\n<tr>\n<th>F\u00e1za rozvoja<\/th>\n<th>K\u013e\u00fa\u010dov\u00e9 aktivity<\/th>\n<th>V\u00fdsledky<\/th>\n<\/tr>\n<tr>\n<td>Konceptualiz\u00e1cia a pl\u00e1novanie<\/td>\n<td>Anal\u00fdza lokality, zapojenie komunity, ekologick\u00e9 \u0161t\u00fadie<\/td>\n<td>Udr\u017eate\u013en\u00fd dizajn, vysok\u00e1 akcept\u00e1cia miestnych obyvate\u013eov<\/td>\n<\/tr>\n<tr>\n<td>Realiz\u00e1cia a v\u00fdstavba<\/td>\n<td>Inovat\u00edvne architektonick\u00e9 rie\u0161enia, ekologick\u00e9 materi\u00e1ly<\/td>\n<td>Pril\u00e1kanie nad 50 000 n\u00e1v\u0161tevn\u00edkov ro\u010dne<\/td>\n<\/tr>\n<tr>\n<td>Prev\u00e1dzka a roz\u0161\u00edrenie<\/td>\n<td>Vzdel\u00e1vacie programy, digit\u00e1lna prezent\u00e1cia<\/td>\n<td>Zv\u00fd\u0161enie lok\u00e1lneho ekonomick\u00e9ho pr\u00ednosu o 20%<\/td>\n<\/tr>\n<\/table>\n<h2>Pre\u010do je d\u00f4le\u017eit\u00e9 nav\u0161t\u00edvi\u0165 spinania<\/h2>\n<p>V\u00fdnimo\u010dnos\u0165 tohto centra spo\u010d\u00edva v jeho schopnosti integrova\u0165 environment\u00e1lne aspekty so vzdel\u00e1van\u00edm a z\u00e1\u017eitkovou turistikou. Treba zd\u00f4razni\u0165, \u017ee nav\u0161t\u00edvi\u0165 spinania pom\u00e1ha \u0161\u00edri\u0165 povedomie o ochrane pr\u00edrody, podporuje region\u00e1lnu ekonomiku a umo\u017e\u0148uje n\u00e1v\u0161tevn\u00edkom hlb\u0161ie pochopi\u0165 v\u00fdznam udr\u017eate\u013enosti v kontexte slovensk\u00e9ho pr\u00edrodn\u00e9ho dedi\u010dstva.<\/p>\n<h2>Perspekt\u00edvy a odpor\u00fa\u010dania pre bud\u00faci rozvoj<\/h2>\n<p>Ak chceme zabezpe\u010di\u0165 dlhodob\u00fd \u00faspech podobn\u00fdch projektov, je nevyhnutn\u00e9 zamera\u0165 sa na:<\/p>\n<ul>\n<li>Integrovan\u00e9 pl\u00e1novanie s d\u00f4razom na udr\u017eate\u013enos\u0165.<\/li>\n<li>Vyu\u017eitie digit\u00e1lnych technol\u00f3gi\u00ed na zv\u00fd\u0161enie atraktivity a eduk\u00e1cie.<\/li>\n<li>Akt\u00edvnu particip\u00e1ciu miestnej komunity v tvorbe a prev\u00e1dzke n\u00e1v\u0161tevn\u00edckych centier.<\/li>\n<\/ul>\n<p>V kone\u010dnom d\u00f4sledku, spr\u00e1vne navrhnut\u00e9 a udr\u017eiavan\u00e9 n\u00e1v\u0161tevn\u00edcke centrum, ako je nav\u0161t\u00edvi\u0165 spinania, predstavuje katalyz\u00e1tor udr\u017eate\u013en\u00e9ho rozvoja, ktor\u00fd je v s\u00falade s glob\u00e1lnymi cie\u013emi ochrany pr\u00edrody a podpory miestneho rozvoja.<\/p>\n<blockquote><p>\n  \u00abUdr\u017eate\u013en\u00fd turizmus nie je len o ekonomike, ale najm\u00e4 o vytv\u00e1ran\u00ed hodn\u00f4t, ktor\u00e9 obohatia nielen n\u00e1v\u0161tevn\u00edkov, ale aj komunitu a krajinu ako celok.\u00bb \u2013 odborn\u00edk na rozvoj turizmu\n<\/p><\/blockquote>\n<h2>Z\u00e1ver<\/h2>\n<p>Podpora a roz\u0161irovanie infra\u0161trukt\u00fary ako nav\u0161t\u00edvi\u0165 spinania je invest\u00edciou do bud\u00facnosti, ktor\u00e1 harmonicky sp\u00e1ja ekonomick\u00e9 pr\u00edle\u017eitosti s environment\u00e1lnou zodpovednos\u0165ou. Ako ukazuje pr\u00edklad tohto centra, holistick\u00fd pr\u00edstup m\u00f4\u017ee sl\u00fa\u017ei\u0165 ako model pre \u010fal\u0161ie regi\u00f3ny, ktor\u00e9 chc\u00fa rozv\u00edja\u0165 svoju turistick\u00fa ponuku udr\u017eate\u013en\u00fdm sp\u00f4sobom.<\/p>\n","protected":false},"excerpt":{"rendered":"<p>V s\u00fa\u010dasnosti je rozvoj cestovn\u00e9ho ruchu nielen o pril\u00e1kan\u00ed n\u00e1v\u0161tevn\u00edkov, ale aj o trvalej udr\u017eate\u013enosti a tvorbe hodnoty pre lok\u00e1lne komunity. Jedn\u00fdm z najv\u00fdraznej\u0161\u00edch trendov je tvorba modern\u00fdch, interakt\u00edvnych n\u00e1v\u0161tevn\u00edckych centier, ktor\u00e9 sl\u00fa\u017eia ako br\u00e1ny do pr\u00edrodn\u00fdch a kult\u00farnych pamiatok. Tak\u00e9to projekty maj\u00fa potenci\u00e1l v\u00fdznamne ovplyvni\u0165 ekonomick\u00fd, environment\u00e1lny a soci\u00e1lny rozvoj regi\u00f3nov. Uk\u00e1\u017eka dobrej praxe: N\u00e1v\u0161tevn\u00edcky komplex Spin\u00e1nia Medzi v\u00fdznamn\u00e9 exempl\u00e1re patr\u00ed nav\u0161t\u00edvi\u0165 spinania, &#8230;<\/p>\n","protected":false},"author":2,"featured_media":0,"comment_status":"open","ping_status":"open","sticky":false,"template":"","format":"standard","meta":{"footnotes":""},"categories":[1],"tags":[],"class_list":["post-49881","post","type-post","status-publish","format-standard","hentry","category-sin-categoria"],"_links":{"self":[{"href":"https:\/\/garciainmobiliaria.com.ar\/index.php\/wp-json\/wp\/v2\/posts\/49881","targetHints":{"allow":["GET"]}}],"collection":[{"href":"https:\/\/garciainmobiliaria.com.ar\/index.php\/wp-json\/wp\/v2\/posts"}],"about":[{"href":"https:\/\/garciainmobiliaria.com.ar\/index.php\/wp-json\/wp\/v2\/types\/post"}],"author":[{"embeddable":true,"href":"https:\/\/garciainmobiliaria.com.ar\/index.php\/wp-json\/wp\/v2\/users\/2"}],"replies":[{"embeddable":true,"href":"https:\/\/garciainmobiliaria.com.ar\/index.php\/wp-json\/wp\/v2\/comments?post=49881"}],"version-history":[{"count":1,"href":"https:\/\/garciainmobiliaria.com.ar\/index.php\/wp-json\/wp\/v2\/posts\/49881\/revisions"}],"predecessor-version":[{"id":49882,"href":"https:\/\/garciainmobiliaria.com.ar\/index.php\/wp-json\/wp\/v2\/posts\/49881\/revisions\/49882"}],"wp:attachment":[{"href":"https:\/\/garciainmobiliaria.com.ar\/index.php\/wp-json\/wp\/v2\/media?parent=49881"}],"wp:term":[{"taxonomy":"category","embeddable":true,"href":"https:\/\/garciainmobiliaria.com.ar\/index.php\/wp-json\/wp\/v2\/categories?post=49881"},{"taxonomy":"post_tag","embeddable":true,"href":"https:\/\/garciainmobiliaria.com.ar\/index.php\/wp-json\/wp\/v2\/tags?post=49881"}],"curies":[{"name":"wp","href":"https:\/\/api.w.org\/{rel}","templated":true}]}}