{"id":51098,"date":"2025-04-21T17:30:40","date_gmt":"2025-04-21T20:30:40","guid":{"rendered":"https:\/\/garciainmobiliaria.com.ar\/?p=51098"},"modified":"2026-04-21T12:30:42","modified_gmt":"2026-04-21T15:30:42","slug":"decouverte-profonde-de-la-ville-d-au-de-la-bonne","status":"publish","type":"post","link":"https:\/\/garciainmobiliaria.com.ar\/index.php\/2025\/04\/21\/decouverte-profonde-de-la-ville-d-au-de-la-bonne\/","title":{"rendered":"D\u00e9couverte profonde de la Ville d&#8217;Au de la Bonne"},"content":{"rendered":"<h2>Introduction : Un joyau discret du d\u00e9partement des Yvelines<\/h2>\n<p>Situ\u00e9e dans la charmante r\u00e9gion \u00cele-de-France, la ville d&#8217;Au de la Bonne se distingue par son patrimoine historique, ses paysages pittoresques et sa forte identit\u00e9 communautaire. Bien que souvent m\u00e9connue en comparaison avec ses voisines plus touristiques, cette commune poss\u00e8de une richesse culturelle et architecturale qui m\u00e9rite d\u2019\u00eatre explor\u00e9e en profondeur. Son charme discret et son authenticit\u00e9 en font une \u00e9tape incontournable pour quiconque souhaite d\u00e9couvrir la vraie essence de la r\u00e9gion parisienne, au-del\u00e0 des attractions classiques.<\/p>\n<h2>Le patrimoine historique et architectural<\/h2>\n<p>Au de la Bonne regorge de monuments historiques t\u00e9moignant de son pass\u00e9 mill\u00e9naire. Parmi eux, l\u2019\u00e9glise Saint-Pierre-et-Saint-Paul, un exemple remarquable de l\u2019architecture gothique de la r\u00e9gion, datant du XIIIe si\u00e8cle, conserve des vitraux d\u2019origine exceptionnels. La ville poss\u00e8de aussi plusieurs maisons en pierre de taille, datant du Moyen \u00c2ge, qui refl\u00e8tent le d\u00e9veloppement de l\u2019habitat local \u00e0 travers les si\u00e8cles.<\/p>\n<p>Ce patrimoine architectural est souvent int\u00e9gr\u00e9 dans un cadre naturel remarquable, avec des jardins publics et des espaces verts qui offrent un contraste apaisant avec la monumentalit\u00e9 des \u00e9difices anciens. La conservation rigoureuse de ces structures t\u00e9moigne de l\u2019engagement de la municipalit\u00e9 dans la pr\u00e9servation de son identit\u00e9 historique.<\/p>\n<h2>Les activit\u00e9s culturelles et communautaires<\/h2>\n<ul>\n<li>Festivals locaux : La f\u00eate de la Saint-Jean attire chaque ann\u00e9e des milliers de visiteurs pour ses concerts, feux de joie et march\u00e9s artisanaux.<\/li>\n<li>Mus\u00e9e de la Ville : Install\u00e9 dans une ancienne abbaye, il propose des expositions immersives sur l\u2019histoire locale et la vie quotidienne au fil des \u00e2ges.<\/li>\n<li>Programme associatif : La ville soutient de nombreuses associations, qu&#8217;il s&#8217;agisse de clubs de lecture, de groupes de musiciens ou de projets de d\u00e9veloppement durable, renfor\u00e7ant ainsi le tissu social.<\/li>\n<\/ul>\n<h2>Le cadre naturel et la connectivit\u00e9<\/h2>\n<p>Entour\u00e9e de for\u00eats domaniales, la ville offre plusieurs itin\u00e9raires pour la randonn\u00e9e, le v\u00e9lo et l\u2019observation de la faune locale. La proximit\u00e9 avec la Seine permet aussi la pratique d\u2019activit\u00e9s nautiques ou simplement des balades en bateau. La connectivit\u00e9 via le r\u00e9seau ferroviaire facilite l\u2019acc\u00e8s aux grands centres urbains tout en conservant l\u2019aspect paisible d\u2019une commune de campagne.<\/p>\n<p>Pour les visiteurs d\u00e9sireux d\u2019approfondir leur connaissance de cette r\u00e9gion, la site officiel de la commune fournit un acc\u00e8s \u00e0 une multitude d\u2019informations pratiques et touristiques que l\u2019on peut consulter en toute confiance. <a href=\"https:\/\/deaubonne.fr\/fr-fr\/\">Visiter<\/a> ce site permet d\u2019obtenir des d\u00e9tails actualis\u00e9s sur les \u00e9v\u00e9nements, les services locaux et les initiatives communautaires.<\/p>\n<h2>Conclusion : Une destination authentique et enrichissante<\/h2>\n<p>En somme, la ville d&#8217;Au de la Bonne repr\u00e9sente un exemple parfait d\u2019une localit\u00e9 qui combine harmonieusement patrimoine, nature et vie locale dynamique. Elle incarne le type de destination o\u00f9 le voyageur peut v\u00e9ritablement s\u2019impr\u00e9gner de l\u2019histoire locale tout en profitant d\u2019un environnement paisible. La valorisation de ses atouts culturels et naturels en fait une \u00e9tape privil\u00e9gi\u00e9e pour tout explorateur curieux de d\u00e9couvrir les multiples facettes de la r\u00e9gion \u00cele-de-France.<\/p>\n<h2>Tableau r\u00e9capitulatif : Atouts cl\u00e9s d&#8217;Au de la Bonne<\/h2>\n<table>\n<thead>\n<tr>\n<th>Aspect<\/th>\n<th>Description<\/th>\n<\/tr>\n<\/thead>\n<tbody>\n<tr>\n<td>Patrimoine<\/td>\n<td>\u00c9glises anciennes, maisons en pierre, sites historiques<\/td>\n<\/tr>\n<tr>\n<td>Culture<\/td>\n<td>Festivals, mus\u00e9es, associations actives<\/td>\n<\/tr>\n<tr>\n<td>Nature<\/td>\n<td>For\u00eats, sentiers de randonn\u00e9e, activit\u00e9s nautiques<\/td>\n<\/tr>\n<tr>\n<td>Accessibilit\u00e9<\/td>\n<td>R\u00e9seau ferroviaire efficace, proximit\u00e9 avec Paris<\/td>\n<\/tr>\n<\/tbody>\n<\/table>\n<h2>R\u00e9flexion finale<\/h2>\n<blockquote><p>\n  La richesse du patrimoine, la vitalit\u00e9 culturelle et la beaut\u00e9 naturelle d\u2019Au de la Bonne en font une destination privil\u00e9gi\u00e9e pour ceux qui souhaitent explorer un exemple authentique de vie locale en \u00cele-de-France sans le tumulte des grandes m\u00e9tropoles.\n<\/p><\/blockquote>\n","protected":false},"excerpt":{"rendered":"<p>Introduction : Un joyau discret du d\u00e9partement des Yvelines Situ\u00e9e dans la charmante r\u00e9gion \u00cele-de-France, la ville d&#8217;Au de la Bonne se distingue par son patrimoine historique, ses paysages pittoresques et sa forte identit\u00e9 communautaire. Bien que souvent m\u00e9connue en comparaison avec ses voisines plus touristiques, cette commune poss\u00e8de une richesse culturelle et architecturale qui m\u00e9rite d\u2019\u00eatre explor\u00e9e en profondeur. Son charme discret et &#8230;<\/p>\n","protected":false},"author":2,"featured_media":0,"comment_status":"open","ping_status":"open","sticky":false,"template":"","format":"standard","meta":{"footnotes":""},"categories":[1],"tags":[],"class_list":["post-51098","post","type-post","status-publish","format-standard","hentry","category-sin-categoria"],"_links":{"self":[{"href":"https:\/\/garciainmobiliaria.com.ar\/index.php\/wp-json\/wp\/v2\/posts\/51098","targetHints":{"allow":["GET"]}}],"collection":[{"href":"https:\/\/garciainmobiliaria.com.ar\/index.php\/wp-json\/wp\/v2\/posts"}],"about":[{"href":"https:\/\/garciainmobiliaria.com.ar\/index.php\/wp-json\/wp\/v2\/types\/post"}],"author":[{"embeddable":true,"href":"https:\/\/garciainmobiliaria.com.ar\/index.php\/wp-json\/wp\/v2\/users\/2"}],"replies":[{"embeddable":true,"href":"https:\/\/garciainmobiliaria.com.ar\/index.php\/wp-json\/wp\/v2\/comments?post=51098"}],"version-history":[{"count":1,"href":"https:\/\/garciainmobiliaria.com.ar\/index.php\/wp-json\/wp\/v2\/posts\/51098\/revisions"}],"predecessor-version":[{"id":51099,"href":"https:\/\/garciainmobiliaria.com.ar\/index.php\/wp-json\/wp\/v2\/posts\/51098\/revisions\/51099"}],"wp:attachment":[{"href":"https:\/\/garciainmobiliaria.com.ar\/index.php\/wp-json\/wp\/v2\/media?parent=51098"}],"wp:term":[{"taxonomy":"category","embeddable":true,"href":"https:\/\/garciainmobiliaria.com.ar\/index.php\/wp-json\/wp\/v2\/categories?post=51098"},{"taxonomy":"post_tag","embeddable":true,"href":"https:\/\/garciainmobiliaria.com.ar\/index.php\/wp-json\/wp\/v2\/tags?post=51098"}],"curies":[{"name":"wp","href":"https:\/\/api.w.org\/{rel}","templated":true}]}}