{"id":51222,"date":"2025-04-21T17:57:47","date_gmt":"2025-04-21T20:57:47","guid":{"rendered":"https:\/\/garciainmobiliaria.com.ar\/?p=51222"},"modified":"2026-04-21T12:57:48","modified_gmt":"2026-04-21T15:57:48","slug":"die-bedeutung-von-innenraumgestaltung-in-der-kalten-jahreszeit","status":"publish","type":"post","link":"https:\/\/garciainmobiliaria.com.ar\/index.php\/2025\/04\/21\/die-bedeutung-von-innenraumgestaltung-in-der-kalten-jahreszeit\/","title":{"rendered":"Die Bedeutung von Innenraumgestaltung in der kalten Jahreszeit"},"content":{"rendered":"<p>Der Wechsel der Jahreszeiten bringt nicht nur \u00e4u\u00dferliche Ver\u00e4nderungen, sondern fordert auch unser Zuhause dazu heraus, eine behagliche und funktionale Atmosph\u00e4re zu schaffen. Besonders in den winterlichen Monaten spielen Innenraumdesign und eine bewusste Materialwahl eine entscheidende Rolle, um Wohlbefinden und Wohnqualit\u00e4t zu maximieren.<\/p>\n<h2>Die saisonale Bedeutung von Innenarchitektur<\/h2>\n<p>Im Winter sinken die Temperaturen oft deutlich, was die Nachfrage nach W\u00e4rme und Gem\u00fctlichkeit im Innenbereich erh\u00f6ht. Hierbei gewinnt die strategische Kombination aus Farbschema, Lichtgestaltung und textilen Elementen an Bedeutung. F\u00fcr Fachleute in der Innenarchitektur ist es essenziell, die saisonalen Bed\u00fcrfnisse der Bewohner zu kennen und entsprechende Konzepte zu entwickeln.<\/p>\n<h2>W\u00e4rmende Materialien und ihre Wirkung<\/h2>\n<table>\n<tr>\n<th>Material<\/th>\n<th>Eigenschaften<\/th>\n<th>Anwendungsbeispiele<\/th>\n<\/tr>\n<tr class=\"highlight\">\n<td>Holz<\/td>\n<td>Nat\u00fcrlich, warm, nachhaltig<\/td>\n<td>Bertreppengestelle, Wandpaneele, M\u00f6bel<\/td>\n<\/tr>\n<tr>\n<td>Wollstoffe<\/td>\n<td>Isolierend, atmungsaktiv, langlebig<\/td>\n<td>Decken, Kissen, Polsterm\u00f6bel<\/td>\n<\/tr>\n<tr>\n<td>Stein &amp; Keramik<\/td>\n<td>K\u00fchlend auf der Oberfl\u00e4che, aber robust<\/td>\n<td>Bodenbel\u00e4ge, Fliesenw\u00e4nde<\/td>\n<\/tr>\n<\/table>\n<p><em>Die Wahl der richtigen Materialien beeinflusst sowohl die akustische als auch die thermische Wahrnehmung im Raum. Das harmonische Zusammenspiel sorgt f\u00fcr eine Atmosph\u00e4re, die K\u00f6rper und Geist gleicherma\u00dfen anspricht.<\/em><\/p>\n<h2>Effektive Lichtgestaltung gegen tr\u00fcbe Tage<\/h2>\n<p>Kurze, dunkle Wintertage fordern eine durchdachte Beleuchtungskonzeption. Dimmbare Leuchten, warme Lichtfarben und strategisch platzierte Lichtquellen k\u00f6nnen die Stimmung verbessern und das Raumgef\u00fchl positiv beeinflussen. Insbesondere Tageslichtlenker und Spiegel helfen, nat\u00fcrliche Lichtquellen optimal zu nutzen.<\/p>\n<h2>Individuelle Wohlf\u00fchloasen schaffen<\/h2>\n<p>Der Winter bietet die Chance, pers\u00f6nliche R\u00fcckzugsorte zu gestalten, die zum Entspannen einladen. Vorh\u00e4nge aus dicken Stoffen, kuschelige Teppiche und warme Farbkonzepte f\u00f6rdern das Gef\u00fchl der Geborgenheit. Wer auf eine ganzheitliche Innenraumgestaltung setzt, kann seine Wohnr\u00e4ume zum Refugium gegen den Winterblues machen.<\/p>\n<h2>Innovative Inspirationen f\u00fcr die kalte Jahreszeit<\/h2>\n<p>Innovative Designideen entstehen durch die Analyse aktueller Trends sowie durch Erfahrungswerte aus der Branche:<\/p>\n<ul>\n<li><strong>Layering von Texturen:<\/strong> Kombination aus weichen Decken, Samtkissen und schweren Vorh\u00e4ngen.<\/li>\n<li><strong>Nachtbeleuchtung:<\/strong> Verwendung von Kerzen, Edison-Gl\u00fchbirnen und minimaler Akzentbeleuchtung.<\/li>\n<li><strong>Farbpsychologie:<\/strong> Warme T\u00f6ne wie Terrakotta, Bordeaux oder Tannengr\u00fcn schaffen Geborgenheit.<\/li>\n<\/ul>\n<h2><em>Wer auf der Suche nach einem inspirierenden Spiel f\u00fcr die kalte Jahreszeit ist, um mit Freunden oder der Familie die Zeit zu genie\u00dfen, findet auf <a href=\"https:\/\/leaundlouis.de\/\">Leaundlouis<\/a> genau das Richtige.<\/em><\/h2>\n<p>Hier lassen sich hochwertige Spiele entdecken, die gerade in der dunklen Jahreszeit f\u00fcr stimmungsvolle Abende sorgen. So wird der Winter nicht nur zur Zeit des R\u00fcckzugs, sondern auch der Gemeinschaft.<\/p>\n<p>F\u00fcr weitere Inspirationen und exklusive Produktideen empfehlen wir, regelm\u00e4\u00dfig die Kollektionen auf Leaundlouis zu besuchen. Das Unternehmen versteht es, \u00c4sthetik und Funktionalit\u00e4t auf h\u00f6chstem Niveau zu verbinden, was gerade in der Wintergestaltung einen echten Mehrwert darstellt.<\/p>\n","protected":false},"excerpt":{"rendered":"<p>Der Wechsel der Jahreszeiten bringt nicht nur \u00e4u\u00dferliche Ver\u00e4nderungen, sondern fordert auch unser Zuhause dazu heraus, eine behagliche und funktionale Atmosph\u00e4re zu schaffen. Besonders in den winterlichen Monaten spielen Innenraumdesign und eine bewusste Materialwahl eine entscheidende Rolle, um Wohlbefinden und Wohnqualit\u00e4t zu maximieren. Die saisonale Bedeutung von Innenarchitektur Im Winter sinken die Temperaturen oft deutlich, was die Nachfrage nach W\u00e4rme und Gem\u00fctlichkeit im Innenbereich &#8230;<\/p>\n","protected":false},"author":2,"featured_media":0,"comment_status":"open","ping_status":"open","sticky":false,"template":"","format":"standard","meta":{"footnotes":""},"categories":[1],"tags":[],"class_list":["post-51222","post","type-post","status-publish","format-standard","hentry","category-sin-categoria"],"_links":{"self":[{"href":"https:\/\/garciainmobiliaria.com.ar\/index.php\/wp-json\/wp\/v2\/posts\/51222","targetHints":{"allow":["GET"]}}],"collection":[{"href":"https:\/\/garciainmobiliaria.com.ar\/index.php\/wp-json\/wp\/v2\/posts"}],"about":[{"href":"https:\/\/garciainmobiliaria.com.ar\/index.php\/wp-json\/wp\/v2\/types\/post"}],"author":[{"embeddable":true,"href":"https:\/\/garciainmobiliaria.com.ar\/index.php\/wp-json\/wp\/v2\/users\/2"}],"replies":[{"embeddable":true,"href":"https:\/\/garciainmobiliaria.com.ar\/index.php\/wp-json\/wp\/v2\/comments?post=51222"}],"version-history":[{"count":1,"href":"https:\/\/garciainmobiliaria.com.ar\/index.php\/wp-json\/wp\/v2\/posts\/51222\/revisions"}],"predecessor-version":[{"id":51223,"href":"https:\/\/garciainmobiliaria.com.ar\/index.php\/wp-json\/wp\/v2\/posts\/51222\/revisions\/51223"}],"wp:attachment":[{"href":"https:\/\/garciainmobiliaria.com.ar\/index.php\/wp-json\/wp\/v2\/media?parent=51222"}],"wp:term":[{"taxonomy":"category","embeddable":true,"href":"https:\/\/garciainmobiliaria.com.ar\/index.php\/wp-json\/wp\/v2\/categories?post=51222"},{"taxonomy":"post_tag","embeddable":true,"href":"https:\/\/garciainmobiliaria.com.ar\/index.php\/wp-json\/wp\/v2\/tags?post=51222"}],"curies":[{"name":"wp","href":"https:\/\/api.w.org\/{rel}","templated":true}]}}