{"id":53877,"date":"2025-04-26T03:06:30","date_gmt":"2025-04-26T06:06:30","guid":{"rendered":"https:\/\/garciainmobiliaria.com.ar\/?p=53877"},"modified":"2026-04-25T22:06:31","modified_gmt":"2026-04-26T01:06:31","slug":"revolutionner-la-productivite-mobile-l-integration-de-l-ipad-dans-les-environnements-professionnels","status":"publish","type":"post","link":"https:\/\/garciainmobiliaria.com.ar\/index.php\/2025\/04\/26\/revolutionner-la-productivite-mobile-l-integration-de-l-ipad-dans-les-environnements-professionnels\/","title":{"rendered":"R\u00e9volutionner la Productivit\u00e9 Mobile : L\u2019int\u00e9gration de l\u2019iPad dans les Environnements Professionnels"},"content":{"rendered":"<p>Dans un march\u00e9 en constante \u00e9volution o\u00f9 la mobilit\u00e9 et la flexibilit\u00e9 deviennent la norme, le r\u00f4le de l\u2019<strong>outil technologique de pointe<\/strong> est essentiel pour les entreprises cherchant \u00e0 optimiser leur productivit\u00e9. Parmi ces outils, l\u2019iPad appara\u00eet comme une plateforme incontournable, notamment gr\u00e2ce \u00e0 ses capacit\u00e9s d\u2019int\u00e9gration et de personnalisation \u00e0 l\u2019\u00e9chelle professionnelle. Cet article explore comment la puissance de l\u2019iPad peut \u00eatre exploit\u00e9e dans le cadre d\u2019une strat\u00e9gie num\u00e9rique avanc\u00e9e, en s\u2019appuyant sur des r\u00e9f\u00e9rences cr\u00e9dibles telles que <a href=\"https:\/\/towerfyus.top\/fr\/ios\/\">Towerfyus pour iPad<\/a>.<\/p>\n<h2>Pourquoi l\u2019iPad repr\u00e9sente une r\u00e9elle r\u00e9volution pour les secteurs professionnels<\/h2>\n<p>Depuis l\u2019introduction de la premi\u00e8re g\u00e9n\u00e9ration d\u2019iPad en 2010, la tablette d\u2019Apple a su conqu\u00e9rir une large part du march\u00e9 professionnel. Selon une \u00e9tude r\u00e9cente d\u2019IDC, plus de <strong>30%<\/strong> des entreprises du Fortune 500 utilisent r\u00e9guli\u00e8rement des iPads pour la gestion op\u00e9rationnelle et la communication interne. Sa portabilit\u00e9, combin\u00e9e \u00e0 ses puissantes capacit\u00e9s hardware, en fait un choix privil\u00e9gi\u00e9 pour des utilisations vari\u00e9es : de la prise de notes lors de r\u00e9unions \u00e0 la gestion de projets sur site.<\/p>\n<p>Une utilisation efficace implique une adaptation pr\u00e9cise \u00e0 chaque secteur : sant\u00e9, design graphique, logistique, ou encore vente. \u00c0 cet \u00e9gard, la disponibilit\u00e9 d\u2019outils et d\u2019applications sp\u00e9cialis\u00e9es, accessibles via des plateformes s\u00e9curis\u00e9es, est cruciale pour maintenir des standards \u00e9lev\u00e9s de productivit\u00e9 et de s\u00e9curit\u00e9.<\/p>\n<h2>Les enjeux de s\u00e9curit\u00e9 et de compatibilit\u00e9 dans l\u2019int\u00e9gration de l\u2019iPad en milieu professionnel<\/h2>\n<p>Le traitement s\u00e9curis\u00e9 des donn\u00e9es est la priorit\u00e9 absolue. Avec la mont\u00e9e des cyberattaques, les gestionnaires doivent garantir la protection des informations sensibles tout en permettant un acc\u00e8s fluide aux applications m\u00e9tiers. La compatibilit\u00e9 avec les syst\u00e8mes ERP, CRM et autres logiciels d\u2019entreprise est \u00e9galement un d\u00e9fi majeur. Ici, des solutions comme Towerfyus pour iPad se positionnent comme des compl\u00e9ments cr\u00e9dibles offrant un support strat\u00e9gique pour d\u00e9ployer et optimiser l\u2019utilisation d\u2019iPad dans des contextes professionnels complexes.<\/p>\n<h2>Exemples concrets d\u2019int\u00e9gration efficace<\/h2>\n<p>Une soci\u00e9t\u00e9 de logistique peut, par exemple, d\u00e9ployer des iPads \u00e9quip\u00e9s d\u2019applications d\u00e9di\u00e9es pour la gestion des inventaires en temps r\u00e9el. Gr\u00e2ce \u00e0 des outils de communication s\u00e9curis\u00e9s, les \u00e9quipes sur le terrain peuvent synchroniser leurs donn\u00e9es avec les serveurs centraux sans interruption. En somme, l\u2019approche int\u00e9gr\u00e9e favorise une prise de d\u00e9cision plus rapide et une meilleure r\u00e9activit\u00e9, \u00e9l\u00e9ments cl\u00e9s dans les march\u00e9s comp\u00e9titifs.<\/p>\n<p>Une autre illustration concerne le secteur m\u00e9dical : les professionnels de sant\u00e9 utilisent souvent l\u2019iPad pour acc\u00e9der \u00e0 des dossiers patients, prendre des notes lors des consultations, ou m\u00eame consulter des directives m\u00e9dicales en temps r\u00e9el. La s\u00e9curit\u00e9, la conformit\u00e9 r\u00e9glementaire et la compatibilit\u00e9 logicielle sont fondamentales dans ces sc\u00e9narios.<\/p>\n<h2>Conseils pour optimiser l\u2019utilisation de l\u2019iPad dans un cadre professionnel<\/h2>\n<ul style=\"list-style-type: disc; padding-left: 1.5em;\">\n<li><strong>Adopter une strat\u00e9gie mobile unifi\u00e9e<\/strong> : Investir dans des solutions qui centralisent la gestion des appareils, assurant ainsi conformit\u00e9, s\u00e9curit\u00e9 et assistance technique.<\/li>\n<li><strong>Former les utilisateurs<\/strong> : La formation continue \u00e0 l\u2019usage des outils et applications m\u00e9tier augmente significativement la productivit\u00e9.<\/li>\n<li><strong>Prioriser la s\u00e9curit\u00e9 des donn\u00e9es<\/strong> : Impl\u00e9menter des solutions de cryptage, d\u2019authentification renforc\u00e9e, et de gestion \u00e0 distance.<\/li>\n<li><strong>R\u00e9\u00e9valuer r\u00e9guli\u00e8rement les outils et configurations<\/strong> : La mise \u00e0 jour des logiciels et l\u2019\u00e9valuation des performances garantissent une efficacit\u00e9 durable.<\/li>\n<\/ul>\n<h2>Conclusion : une strat\u00e9gie centr\u00e9e sur l\u2019innovation et la s\u00e9curit\u00e9<\/h2>\n<p>En d\u00e9finitive, l\u2019int\u00e9gration de l\u2019iPad dans les strat\u00e9gies d\u2019entreprise requiert un accompagnement m\u00e9thodique, appuy\u00e9 par des partenaires sp\u00e9cialis\u00e9s. La r\u00e9f\u00e9rence <em>Towerfyus pour iPad<\/em> illustre combien les solutions technologiques aux enjeux modernes peuvent se conjuguer avec une approche de s\u00e9curit\u00e9 et de fiabilit\u00e9 exemplaire. Investir dans ces technologies, c\u2019est aussi investir dans une comp\u00e9titivit\u00e9 renforc\u00e9e, capable de r\u00e9pondre aux d\u00e9fis de demain.<\/p>\n<div class=\"highlight\">\n<strong>Note de l\u2019expert :<\/strong> La cl\u00e9 r\u00e9side dans un d\u00e9ploiement r\u00e9fl\u00e9chi, alli\u00e9 \u00e0 une formation continue et une veille technologique active. \u00c0 ce titre, consulter r\u00e9guli\u00e8rement des sources sp\u00e9cialis\u00e9es comme Towerfyus pour iPad permet d\u2019assurer une ma\u00eetrise compl\u00e8te de l\u2019outil.\n<\/div>\n","protected":false},"excerpt":{"rendered":"<p>Dans un march\u00e9 en constante \u00e9volution o\u00f9 la mobilit\u00e9 et la flexibilit\u00e9 deviennent la norme, le r\u00f4le de l\u2019outil technologique de pointe est essentiel pour les entreprises cherchant \u00e0 optimiser leur productivit\u00e9. Parmi ces outils, l\u2019iPad appara\u00eet comme une plateforme incontournable, notamment gr\u00e2ce \u00e0 ses capacit\u00e9s d\u2019int\u00e9gration et de personnalisation \u00e0 l\u2019\u00e9chelle professionnelle. Cet article explore comment la puissance de l\u2019iPad peut \u00eatre exploit\u00e9e &#8230;<\/p>\n","protected":false},"author":2,"featured_media":0,"comment_status":"open","ping_status":"open","sticky":false,"template":"","format":"standard","meta":{"footnotes":""},"categories":[1],"tags":[],"class_list":["post-53877","post","type-post","status-publish","format-standard","hentry","category-sin-categoria"],"_links":{"self":[{"href":"https:\/\/garciainmobiliaria.com.ar\/index.php\/wp-json\/wp\/v2\/posts\/53877","targetHints":{"allow":["GET"]}}],"collection":[{"href":"https:\/\/garciainmobiliaria.com.ar\/index.php\/wp-json\/wp\/v2\/posts"}],"about":[{"href":"https:\/\/garciainmobiliaria.com.ar\/index.php\/wp-json\/wp\/v2\/types\/post"}],"author":[{"embeddable":true,"href":"https:\/\/garciainmobiliaria.com.ar\/index.php\/wp-json\/wp\/v2\/users\/2"}],"replies":[{"embeddable":true,"href":"https:\/\/garciainmobiliaria.com.ar\/index.php\/wp-json\/wp\/v2\/comments?post=53877"}],"version-history":[{"count":1,"href":"https:\/\/garciainmobiliaria.com.ar\/index.php\/wp-json\/wp\/v2\/posts\/53877\/revisions"}],"predecessor-version":[{"id":53878,"href":"https:\/\/garciainmobiliaria.com.ar\/index.php\/wp-json\/wp\/v2\/posts\/53877\/revisions\/53878"}],"wp:attachment":[{"href":"https:\/\/garciainmobiliaria.com.ar\/index.php\/wp-json\/wp\/v2\/media?parent=53877"}],"wp:term":[{"taxonomy":"category","embeddable":true,"href":"https:\/\/garciainmobiliaria.com.ar\/index.php\/wp-json\/wp\/v2\/categories?post=53877"},{"taxonomy":"post_tag","embeddable":true,"href":"https:\/\/garciainmobiliaria.com.ar\/index.php\/wp-json\/wp\/v2\/tags?post=53877"}],"curies":[{"name":"wp","href":"https:\/\/api.w.org\/{rel}","templated":true}]}}